{"id":2932,"date":"2019-02-01T17:10:10","date_gmt":"2019-02-01T16:10:10","guid":{"rendered":"https:\/\/tia.fr\/?p=2932"},"modified":"2019-02-13T12:30:20","modified_gmt":"2019-02-13T11:30:20","slug":"retrouvez-nous-au-salon-cfia-2019-carrefour-des-fournisseurs-de-lindustrie-agroalimentaire","status":"publish","type":"post","link":"https:\/\/tia.fr\/es\/retrouvez-nous-au-salon-cfia-2019-carrefour-des-fournisseurs-de-lindustrie-agroalimentaire\/","title":{"rendered":"B\u00fasquenos en el Sal\u00f3n CFIA 2019"},"content":{"rendered":"<p><img loading=\"lazy\" decoding=\"async\" class=\"alignnone  wp-image-2927 alignleft\" src=\"https:\/\/tia.fr\/wp-content\/uploads\/2019\/02\/TIA_salon_CFIA_2019-211x320.jpg\" alt=\"\" width=\"219\" height=\"332\" srcset=\"https:\/\/tia.fr\/wp-content\/uploads\/2019\/02\/TIA_salon_CFIA_2019-211x320.jpg 211w, https:\/\/tia.fr\/wp-content\/uploads\/2019\/02\/TIA_salon_CFIA_2019-106x160.jpg 106w, https:\/\/tia.fr\/wp-content\/uploads\/2019\/02\/TIA_salon_CFIA_2019-768x1162.jpg 768w, https:\/\/tia.fr\/wp-content\/uploads\/2019\/02\/TIA_salon_CFIA_2019-172x260.jpg 172w, https:\/\/tia.fr\/wp-content\/uploads\/2019\/02\/TIA_salon_CFIA_2019.jpg 777w\" sizes=\"auto, (max-width: 219px) 100vw, 219px\" \/>TIA ser\u00e1 presente en el CFIA (Encuentro de los provedores de la Industria Agroalimenticia), en el stand \u00a0E 10 &#8211; F9, Hall 2, en Rennes.<br \/>\nTenemos el honor de invitarlos a nuestro evento.<\/p>\n<p>Con mas de 30 <strong>a\u00f1os<\/strong> de experiencia, TIA se ha vuelto un experto en la concepci\u00f3n de unidades industriales, particularmente, las que est\u00e1n destinadas al sector agroalimenticio.<br \/>\nVengan a visitarnos, nuestro equipo comercial estar\u00e1 disponible para proponer soluciones a sus proyectos y dudas, y para presentarles nuestras competencias en cuanto a las t\u00e9cnicas membranarias.<\/p>\n<p>Busca su invitaci\u00f3n gratuita aqu\u00ed:\u00a0<a href=\"mailto:n.elmouhdi@tia.fr?subject=JE SOUHAITE UNE INVITATION GRATUITE\">INVITACI\u00d3N GRATUIDAD<\/a><\/p>\n<p>Para saber mas sobre la edici\u00f3n 22 del CFIA : <a href=\"http:\/\/www.cfiaexpo.com\">cfiaexpo.com<\/a><\/p>\n<p>&nbsp;<\/p>\n","protected":false},"excerpt":{"rendered":"<p>TIA ser\u00e1 presente en el CFIA (Encuentro de los provedores de la Industria Agroalimenticia), en el stand \u00a0E 10 &#8211; F9, Hall 2, en Rennes.<br \/><a class=\"excerpt-read-more bouton\" href=\"https:\/\/tia.fr\/es\/retrouvez-nous-au-salon-cfia-2019-carrefour-des-fournisseurs-de-lindustrie-agroalimentaire\/\" title=\"B\u00fasquenos en el Sal\u00f3n CFIA 2019\">M\u00e1s informaci\u00f3n<\/a><\/p>\n","protected":false},"author":12,"featured_media":0,"comment_status":"closed","ping_status":"closed","sticky":false,"template":"","format":"standard","meta":{"_acf_changed":false,"footnotes":""},"categories":[330],"tags":[],"class_list":["post-2932","post","type-post","status-publish","format-standard","hentry","category-vida-de-la-empresa"],"acf":[],"yoast_head":"<!-- This site is optimized with the Yoast SEO plugin v26.9 - https:\/\/yoast.com\/product\/yoast-seo-wordpress\/ -->\n<title>B\u00fasquenos en el Sal\u00f3n CFIA 2019 - TIA<\/title>\n<meta name=\"robots\" content=\"index, follow, max-snippet:-1, max-image-preview:large, max-video-preview:-1\" \/>\n<link rel=\"canonical\" href=\"https:\/\/tia.fr\/es\/retrouvez-nous-au-salon-cfia-2019-carrefour-des-fournisseurs-de-lindustrie-agroalimentaire\/\" \/>\n<meta property=\"og:locale\" content=\"es_ES\" \/>\n<meta property=\"og:type\" content=\"article\" \/>\n<meta property=\"og:title\" content=\"B\u00fasquenos en el Sal\u00f3n CFIA 2019 - TIA\" \/>\n<meta property=\"og:description\" content=\"TIA ser\u00e1 presente en el CFIA (Encuentro de los provedores de la Industria Agroalimenticia), en el stand \u00a0E 10 &#8211; F9, Hall 2, en Rennes.M\u00e1s informaci\u00f3n\" \/>\n<meta property=\"og:url\" content=\"https:\/\/tia.fr\/es\/retrouvez-nous-au-salon-cfia-2019-carrefour-des-fournisseurs-de-lindustrie-agroalimentaire\/\" \/>\n<meta property=\"og:site_name\" content=\"TIA\" \/>\n<meta property=\"article:published_time\" content=\"2019-02-01T16:10:10+00:00\" \/>\n<meta property=\"article:modified_time\" content=\"2019-02-13T11:30:20+00:00\" \/>\n<meta property=\"og:image\" content=\"https:\/\/tia.fr\/wp-content\/uploads\/2019\/02\/TIA_salon_CFIA_2019-211x320.jpg\" \/>\n<meta name=\"author\" content=\"Admin Canop\u00e9e\" \/>\n<meta name=\"twitter:card\" content=\"summary_large_image\" \/>\n<meta name=\"twitter:label1\" content=\"Escrito por\" \/>\n\t<meta name=\"twitter:data1\" content=\"Admin Canop\u00e9e\" \/>\n\t<meta name=\"twitter:label2\" content=\"Tiempo de lectura\" \/>\n\t<meta name=\"twitter:data2\" content=\"1 minuto\" \/>\n<script type=\"application\/ld+json\" class=\"yoast-schema-graph\">{\"@context\":\"https:\/\/schema.org\",\"@graph\":[{\"@type\":\"Article\",\"@id\":\"https:\/\/tia.fr\/es\/retrouvez-nous-au-salon-cfia-2019-carrefour-des-fournisseurs-de-lindustrie-agroalimentaire\/#article\",\"isPartOf\":{\"@id\":\"https:\/\/tia.fr\/es\/retrouvez-nous-au-salon-cfia-2019-carrefour-des-fournisseurs-de-lindustrie-agroalimentaire\/\"},\"author\":{\"name\":\"Admin Canop\u00e9e\",\"@id\":\"https:\/\/tia.fr\/es\/#\/schema\/person\/d7364aefb8f09b442f7516f15c76d86e\"},\"headline\":\"B\u00fasquenos en el Sal\u00f3n CFIA 2019\",\"datePublished\":\"2019-02-01T16:10:10+00:00\",\"dateModified\":\"2019-02-13T11:30:20+00:00\",\"mainEntityOfPage\":{\"@id\":\"https:\/\/tia.fr\/es\/retrouvez-nous-au-salon-cfia-2019-carrefour-des-fournisseurs-de-lindustrie-agroalimentaire\/\"},\"wordCount\":116,\"image\":{\"@id\":\"https:\/\/tia.fr\/es\/retrouvez-nous-au-salon-cfia-2019-carrefour-des-fournisseurs-de-lindustrie-agroalimentaire\/#primaryimage\"},\"thumbnailUrl\":\"https:\/\/tia.fr\/wp-content\/uploads\/2019\/02\/TIA_salon_CFIA_2019-211x320.jpg\",\"articleSection\":[\"Vida de la empresa\"],\"inLanguage\":\"es\"},{\"@type\":\"WebPage\",\"@id\":\"https:\/\/tia.fr\/es\/retrouvez-nous-au-salon-cfia-2019-carrefour-des-fournisseurs-de-lindustrie-agroalimentaire\/\",\"url\":\"https:\/\/tia.fr\/es\/retrouvez-nous-au-salon-cfia-2019-carrefour-des-fournisseurs-de-lindustrie-agroalimentaire\/\",\"name\":\"B\u00fasquenos en el Sal\u00f3n CFIA 2019 - TIA\",\"isPartOf\":{\"@id\":\"https:\/\/tia.fr\/es\/#website\"},\"primaryImageOfPage\":{\"@id\":\"https:\/\/tia.fr\/es\/retrouvez-nous-au-salon-cfia-2019-carrefour-des-fournisseurs-de-lindustrie-agroalimentaire\/#primaryimage\"},\"image\":{\"@id\":\"https:\/\/tia.fr\/es\/retrouvez-nous-au-salon-cfia-2019-carrefour-des-fournisseurs-de-lindustrie-agroalimentaire\/#primaryimage\"},\"thumbnailUrl\":\"https:\/\/tia.fr\/wp-content\/uploads\/2019\/02\/TIA_salon_CFIA_2019-211x320.jpg\",\"datePublished\":\"2019-02-01T16:10:10+00:00\",\"dateModified\":\"2019-02-13T11:30:20+00:00\",\"author\":{\"@id\":\"https:\/\/tia.fr\/es\/#\/schema\/person\/d7364aefb8f09b442f7516f15c76d86e\"},\"breadcrumb\":{\"@id\":\"https:\/\/tia.fr\/es\/retrouvez-nous-au-salon-cfia-2019-carrefour-des-fournisseurs-de-lindustrie-agroalimentaire\/#breadcrumb\"},\"inLanguage\":\"es\",\"potentialAction\":[{\"@type\":\"ReadAction\",\"target\":[\"https:\/\/tia.fr\/es\/retrouvez-nous-au-salon-cfia-2019-carrefour-des-fournisseurs-de-lindustrie-agroalimentaire\/\"]}]},{\"@type\":\"ImageObject\",\"inLanguage\":\"es\",\"@id\":\"https:\/\/tia.fr\/es\/retrouvez-nous-au-salon-cfia-2019-carrefour-des-fournisseurs-de-lindustrie-agroalimentaire\/#primaryimage\",\"url\":\"https:\/\/tia.fr\/wp-content\/uploads\/2019\/02\/TIA_salon_CFIA_2019-211x320.jpg\",\"contentUrl\":\"https:\/\/tia.fr\/wp-content\/uploads\/2019\/02\/TIA_salon_CFIA_2019-211x320.jpg\"},{\"@type\":\"BreadcrumbList\",\"@id\":\"https:\/\/tia.fr\/es\/retrouvez-nous-au-salon-cfia-2019-carrefour-des-fournisseurs-de-lindustrie-agroalimentaire\/#breadcrumb\",\"itemListElement\":[{\"@type\":\"ListItem\",\"position\":1,\"name\":\"Inicio\",\"item\":\"https:\/\/tia.fr\/es\/\"},{\"@type\":\"ListItem\",\"position\":2,\"name\":\"B\u00fasquenos en el Sal\u00f3n CFIA 2019\"}]},{\"@type\":\"WebSite\",\"@id\":\"https:\/\/tia.fr\/es\/#website\",\"url\":\"https:\/\/tia.fr\/es\/\",\"name\":\"TIA\",\"description\":\"la filtraci\u00f3n de membrana a medida.\",\"potentialAction\":[{\"@type\":\"SearchAction\",\"target\":{\"@type\":\"EntryPoint\",\"urlTemplate\":\"https:\/\/tia.fr\/es\/?s={search_term_string}\"},\"query-input\":{\"@type\":\"PropertyValueSpecification\",\"valueRequired\":true,\"valueName\":\"search_term_string\"}}],\"inLanguage\":\"es\"},{\"@type\":\"Person\",\"@id\":\"https:\/\/tia.fr\/es\/#\/schema\/person\/d7364aefb8f09b442f7516f15c76d86e\",\"name\":\"Admin Canop\u00e9e\",\"image\":{\"@type\":\"ImageObject\",\"inLanguage\":\"es\",\"@id\":\"https:\/\/tia.fr\/es\/#\/schema\/person\/image\/\",\"url\":\"https:\/\/secure.gravatar.com\/avatar\/eaa586e685681777f7b2c9a63b6b3202b7dcda54329734433ccee402e886e04d?s=96&d=mm&r=g\",\"contentUrl\":\"https:\/\/secure.gravatar.com\/avatar\/eaa586e685681777f7b2c9a63b6b3202b7dcda54329734433ccee402e886e04d?s=96&d=mm&r=g\",\"caption\":\"Admin Canop\u00e9e\"}}]}<\/script>\n<!-- \/ Yoast SEO plugin. -->","yoast_head_json":{"title":"B\u00fasquenos en el Sal\u00f3n CFIA 2019 - TIA","robots":{"index":"index","follow":"follow","max-snippet":"max-snippet:-1","max-image-preview":"max-image-preview:large","max-video-preview":"max-video-preview:-1"},"canonical":"https:\/\/tia.fr\/es\/retrouvez-nous-au-salon-cfia-2019-carrefour-des-fournisseurs-de-lindustrie-agroalimentaire\/","og_locale":"es_ES","og_type":"article","og_title":"B\u00fasquenos en el Sal\u00f3n CFIA 2019 - TIA","og_description":"TIA ser\u00e1 presente en el CFIA (Encuentro de los provedores de la Industria Agroalimenticia), en el stand \u00a0E 10 &#8211; F9, Hall 2, en Rennes.M\u00e1s informaci\u00f3n","og_url":"https:\/\/tia.fr\/es\/retrouvez-nous-au-salon-cfia-2019-carrefour-des-fournisseurs-de-lindustrie-agroalimentaire\/","og_site_name":"TIA","article_published_time":"2019-02-01T16:10:10+00:00","article_modified_time":"2019-02-13T11:30:20+00:00","og_image":[{"url":"https:\/\/tia.fr\/wp-content\/uploads\/2019\/02\/TIA_salon_CFIA_2019-211x320.jpg","type":"","width":"","height":""}],"author":"Admin Canop\u00e9e","twitter_card":"summary_large_image","twitter_misc":{"Escrito por":"Admin Canop\u00e9e","Tiempo de lectura":"1 minuto"},"schema":{"@context":"https:\/\/schema.org","@graph":[{"@type":"Article","@id":"https:\/\/tia.fr\/es\/retrouvez-nous-au-salon-cfia-2019-carrefour-des-fournisseurs-de-lindustrie-agroalimentaire\/#article","isPartOf":{"@id":"https:\/\/tia.fr\/es\/retrouvez-nous-au-salon-cfia-2019-carrefour-des-fournisseurs-de-lindustrie-agroalimentaire\/"},"author":{"name":"Admin Canop\u00e9e","@id":"https:\/\/tia.fr\/es\/#\/schema\/person\/d7364aefb8f09b442f7516f15c76d86e"},"headline":"B\u00fasquenos en el Sal\u00f3n CFIA 2019","datePublished":"2019-02-01T16:10:10+00:00","dateModified":"2019-02-13T11:30:20+00:00","mainEntityOfPage":{"@id":"https:\/\/tia.fr\/es\/retrouvez-nous-au-salon-cfia-2019-carrefour-des-fournisseurs-de-lindustrie-agroalimentaire\/"},"wordCount":116,"image":{"@id":"https:\/\/tia.fr\/es\/retrouvez-nous-au-salon-cfia-2019-carrefour-des-fournisseurs-de-lindustrie-agroalimentaire\/#primaryimage"},"thumbnailUrl":"https:\/\/tia.fr\/wp-content\/uploads\/2019\/02\/TIA_salon_CFIA_2019-211x320.jpg","articleSection":["Vida de la empresa"],"inLanguage":"es"},{"@type":"WebPage","@id":"https:\/\/tia.fr\/es\/retrouvez-nous-au-salon-cfia-2019-carrefour-des-fournisseurs-de-lindustrie-agroalimentaire\/","url":"https:\/\/tia.fr\/es\/retrouvez-nous-au-salon-cfia-2019-carrefour-des-fournisseurs-de-lindustrie-agroalimentaire\/","name":"B\u00fasquenos en el Sal\u00f3n CFIA 2019 - TIA","isPartOf":{"@id":"https:\/\/tia.fr\/es\/#website"},"primaryImageOfPage":{"@id":"https:\/\/tia.fr\/es\/retrouvez-nous-au-salon-cfia-2019-carrefour-des-fournisseurs-de-lindustrie-agroalimentaire\/#primaryimage"},"image":{"@id":"https:\/\/tia.fr\/es\/retrouvez-nous-au-salon-cfia-2019-carrefour-des-fournisseurs-de-lindustrie-agroalimentaire\/#primaryimage"},"thumbnailUrl":"https:\/\/tia.fr\/wp-content\/uploads\/2019\/02\/TIA_salon_CFIA_2019-211x320.jpg","datePublished":"2019-02-01T16:10:10+00:00","dateModified":"2019-02-13T11:30:20+00:00","author":{"@id":"https:\/\/tia.fr\/es\/#\/schema\/person\/d7364aefb8f09b442f7516f15c76d86e"},"breadcrumb":{"@id":"https:\/\/tia.fr\/es\/retrouvez-nous-au-salon-cfia-2019-carrefour-des-fournisseurs-de-lindustrie-agroalimentaire\/#breadcrumb"},"inLanguage":"es","potentialAction":[{"@type":"ReadAction","target":["https:\/\/tia.fr\/es\/retrouvez-nous-au-salon-cfia-2019-carrefour-des-fournisseurs-de-lindustrie-agroalimentaire\/"]}]},{"@type":"ImageObject","inLanguage":"es","@id":"https:\/\/tia.fr\/es\/retrouvez-nous-au-salon-cfia-2019-carrefour-des-fournisseurs-de-lindustrie-agroalimentaire\/#primaryimage","url":"https:\/\/tia.fr\/wp-content\/uploads\/2019\/02\/TIA_salon_CFIA_2019-211x320.jpg","contentUrl":"https:\/\/tia.fr\/wp-content\/uploads\/2019\/02\/TIA_salon_CFIA_2019-211x320.jpg"},{"@type":"BreadcrumbList","@id":"https:\/\/tia.fr\/es\/retrouvez-nous-au-salon-cfia-2019-carrefour-des-fournisseurs-de-lindustrie-agroalimentaire\/#breadcrumb","itemListElement":[{"@type":"ListItem","position":1,"name":"Inicio","item":"https:\/\/tia.fr\/es\/"},{"@type":"ListItem","position":2,"name":"B\u00fasquenos en el Sal\u00f3n CFIA 2019"}]},{"@type":"WebSite","@id":"https:\/\/tia.fr\/es\/#website","url":"https:\/\/tia.fr\/es\/","name":"TIA","description":"la filtraci\u00f3n de membrana a medida.","potentialAction":[{"@type":"SearchAction","target":{"@type":"EntryPoint","urlTemplate":"https:\/\/tia.fr\/es\/?s={search_term_string}"},"query-input":{"@type":"PropertyValueSpecification","valueRequired":true,"valueName":"search_term_string"}}],"inLanguage":"es"},{"@type":"Person","@id":"https:\/\/tia.fr\/es\/#\/schema\/person\/d7364aefb8f09b442f7516f15c76d86e","name":"Admin Canop\u00e9e","image":{"@type":"ImageObject","inLanguage":"es","@id":"https:\/\/tia.fr\/es\/#\/schema\/person\/image\/","url":"https:\/\/secure.gravatar.com\/avatar\/eaa586e685681777f7b2c9a63b6b3202b7dcda54329734433ccee402e886e04d?s=96&d=mm&r=g","contentUrl":"https:\/\/secure.gravatar.com\/avatar\/eaa586e685681777f7b2c9a63b6b3202b7dcda54329734433ccee402e886e04d?s=96&d=mm&r=g","caption":"Admin Canop\u00e9e"}}]}},"_links":{"self":[{"href":"https:\/\/tia.fr\/es\/wp-json\/wp\/v2\/posts\/2932","targetHints":{"allow":["GET"]}}],"collection":[{"href":"https:\/\/tia.fr\/es\/wp-json\/wp\/v2\/posts"}],"about":[{"href":"https:\/\/tia.fr\/es\/wp-json\/wp\/v2\/types\/post"}],"author":[{"embeddable":true,"href":"https:\/\/tia.fr\/es\/wp-json\/wp\/v2\/users\/12"}],"replies":[{"embeddable":true,"href":"https:\/\/tia.fr\/es\/wp-json\/wp\/v2\/comments?post=2932"}],"version-history":[{"count":14,"href":"https:\/\/tia.fr\/es\/wp-json\/wp\/v2\/posts\/2932\/revisions"}],"predecessor-version":[{"id":3051,"href":"https:\/\/tia.fr\/es\/wp-json\/wp\/v2\/posts\/2932\/revisions\/3051"}],"wp:attachment":[{"href":"https:\/\/tia.fr\/es\/wp-json\/wp\/v2\/media?parent=2932"}],"wp:term":[{"taxonomy":"category","embeddable":true,"href":"https:\/\/tia.fr\/es\/wp-json\/wp\/v2\/categories?post=2932"},{"taxonomy":"post_tag","embeddable":true,"href":"https:\/\/tia.fr\/es\/wp-json\/wp\/v2\/tags?post=2932"}],"curies":[{"name":"wp","href":"https:\/\/api.w.org\/{rel}","templated":true}]}}